{"id":295,"date":"2017-01-17T18:16:04","date_gmt":"2017-01-17T17:16:04","guid":{"rendered":"http:\/\/www.lesdiablotins.info\/?p=295"},"modified":"2018-09-14T15:30:48","modified_gmt":"2018-09-14T13:30:48","slug":"le-col-de-lecuelle","status":"publish","type":"post","link":"https:\/\/www.lesdiablotins.info\/en\/blog\/2017\/01\/17\/le-col-de-lecuelle\/","title":{"rendered":"Le Col de l'Ecuelle"},"content":{"rendered":"<p>[:fr]Le grand classique depuis les Diablotins. En sortant de la r\u00e9sidence, vous continuez en montant la route goudronn\u00e9e, puis le chemin d&#8217;Alpage. C&#8217;est tout droit, \u00e7a monte &#8230; raide! 1h30 pour arriver au col de l&#8217;Ecuelle, et d\u00e9couvrir de l&#8217;autre cot\u00e9 la vall\u00e9e d&#8217;abondance. Retour par le m\u00eame chemin ou par La Chaux.<\/p>\n<p><div class=\"foogallery foogallery-container foogallery-thumbnail foogallery-single-thumbnail foogallery-lightbox-foobox-free fg-center fg-thumbnail fg-ready fg-light fg-border-thin fg-shadow-outline fg-loading-default fg-loaded-fade-in fg-caption-always fg-hover-fade fg-hover-zoom\" id=\"foogallery-gallery-588\" data-foogallery=\"{&quot;item&quot;:{&quot;showCaptionTitle&quot;:true,&quot;showCaptionDescription&quot;:true},&quot;lazy&quot;:true}\" style=\"--fg-title-line-clamp: 0; --fg-description-line-clamp: 0;\" >\n    <div class=\"fg-item fg-type-image fg-idle\"><figure class=\"fg-item-inner\"><a href=\"https:\/\/www.lesdiablotins.info\/wp-content\/uploads\/2017\/02\/col_de_l_ecuelle.png\" data-attachment-id=\"589\" rel=\"lightbox[588]\" data-type=\"image\" class=\"fg-thumb\"><span class=\"fg-image-wrap\"><img fetchpriority=\"high\" decoding=\"async\" width=\"600\" height=\"450\" class=\"skip-lazy fg-image\" data-src-fg=\"https:\/\/www.lesdiablotins.info\/wp-content\/uploads\/cache\/2017\/02\/col_de_l_ecuelle\/1363224177.png\" src=\"data:image\/svg+xml,%3Csvg%20xmlns%3D%22http%3A%2F%2Fwww.w3.org%2F2000%2Fsvg%22%20width%3D%22600%22%20height%3D%22450%22%20viewBox%3D%220%200%20600%20450%22%3E%3C%2Fsvg%3E\" loading=\"eager\"><\/span><span class=\"fg-image-overlay\"><\/span><\/a><\/figure><div class=\"fg-loader\"><\/div><\/div>        <div class=\"fg-st-hidden\">\n            <\/div>\n<\/div>\n[:en]The big classic from les Diablotins. Leaving the residence, you continue climbing the asphalt road, then the path. It&#8217;s straight, it goes up &#8230; steep! 1h30 to arrive at the Col de l&#8217;Ecuelle, and discover on the other side the valley of Abondance. Return by the same way or by La Chaux.<\/p>\n<p><div class=\"foogallery foogallery-container foogallery-thumbnail foogallery-single-thumbnail foogallery-lightbox-foobox-free fg-center fg-thumbnail fg-ready fg-light fg-border-thin fg-shadow-outline fg-loading-default fg-loaded-fade-in fg-caption-always fg-hover-fade fg-hover-zoom\" id=\"foogallery-gallery-588_1\" data-foogallery=\"{&quot;item&quot;:{&quot;showCaptionTitle&quot;:true,&quot;showCaptionDescription&quot;:true},&quot;lazy&quot;:true}\" style=\"--fg-title-line-clamp: 0; --fg-description-line-clamp: 0;\" >\n    <div class=\"fg-item fg-type-image fg-idle\"><figure class=\"fg-item-inner\"><a href=\"https:\/\/www.lesdiablotins.info\/wp-content\/uploads\/2017\/02\/col_de_l_ecuelle.png\" data-attachment-id=\"589\" rel=\"lightbox[588]\" data-type=\"image\" class=\"fg-thumb\"><span class=\"fg-image-wrap\"><img fetchpriority=\"high\" decoding=\"async\" width=\"600\" height=\"450\" class=\"skip-lazy fg-image\" data-src-fg=\"https:\/\/www.lesdiablotins.info\/wp-content\/uploads\/cache\/2017\/02\/col_de_l_ecuelle\/1363224177.png\" src=\"data:image\/svg+xml,%3Csvg%20xmlns%3D%22http%3A%2F%2Fwww.w3.org%2F2000%2Fsvg%22%20width%3D%22600%22%20height%3D%22450%22%20viewBox%3D%220%200%20600%20450%22%3E%3C%2Fsvg%3E\" loading=\"eager\"><\/span><span class=\"fg-image-overlay\"><\/span><\/a><\/figure><div class=\"fg-loader\"><\/div><\/div>        <div class=\"fg-st-hidden\">\n            <\/div>\n<\/div>\n[:]<\/p>\n","protected":false},"excerpt":{"rendered":"<p>[:fr]Le grand classique depuis les Diablotins. En sortant de la r\u00e9sidence, vous continuez en montant la route goudronn\u00e9e, puis le chemin d&#8217;Alpage. C&#8217;est tout droit, \u00e7a monte &#8230; raide! 1h30 pour arriver au col de l&#8217;Ecuelle, et d\u00e9couvrir de l&#8217;autre cot\u00e9 la vall\u00e9e d&#8217;abondance. Retour par le m\u00eame chemin ou par La Chaux. [:en]The big &#8230; <a title=\"Le Col de l&#039;Ecuelle\" class=\"read-more\" href=\"https:\/\/www.lesdiablotins.info\/en\/blog\/2017\/01\/17\/le-col-de-lecuelle\/\" aria-label=\"Read more about Le Col de l&#039;Ecuelle\">Read more<\/a><\/p>\n","protected":false},"author":1,"featured_media":0,"comment_status":"open","ping_status":"open","sticky":false,"template":"","format":"standard","meta":{"footnotes":""},"categories":[6,9],"tags":[],"class_list":["post-295","post","type-post","status-publish","format-standard","hentry","category-randonnee","category-raquettes"],"_links":{"self":[{"href":"https:\/\/www.lesdiablotins.info\/en\/wp-json\/wp\/v2\/posts\/295","targetHints":{"allow":["GET"]}}],"collection":[{"href":"https:\/\/www.lesdiablotins.info\/en\/wp-json\/wp\/v2\/posts"}],"about":[{"href":"https:\/\/www.lesdiablotins.info\/en\/wp-json\/wp\/v2\/types\/post"}],"author":[{"embeddable":true,"href":"https:\/\/www.lesdiablotins.info\/en\/wp-json\/wp\/v2\/users\/1"}],"replies":[{"embeddable":true,"href":"https:\/\/www.lesdiablotins.info\/en\/wp-json\/wp\/v2\/comments?post=295"}],"version-history":[{"count":4,"href":"https:\/\/www.lesdiablotins.info\/en\/wp-json\/wp\/v2\/posts\/295\/revisions"}],"predecessor-version":[{"id":745,"href":"https:\/\/www.lesdiablotins.info\/en\/wp-json\/wp\/v2\/posts\/295\/revisions\/745"}],"wp:attachment":[{"href":"https:\/\/www.lesdiablotins.info\/en\/wp-json\/wp\/v2\/media?parent=295"}],"wp:term":[{"taxonomy":"category","embeddable":true,"href":"https:\/\/www.lesdiablotins.info\/en\/wp-json\/wp\/v2\/categories?post=295"},{"taxonomy":"post_tag","embeddable":true,"href":"https:\/\/www.lesdiablotins.info\/en\/wp-json\/wp\/v2\/tags?post=295"}],"curies":[{"name":"wp","href":"https:\/\/api.w.org\/{rel}","templated":true}]}}